{"id":84,"date":"2015-10-30T13:12:47","date_gmt":"2015-10-30T12:12:47","guid":{"rendered":"http:\/\/thecomptoir.com\/fr\/?p=84"},"modified":"2016-02-29T19:17:07","modified_gmt":"2016-02-29T18:17:07","slug":"cap-sur-le-tripostal","status":"publish","type":"post","link":"https:\/\/thecomptoir.com\/fr\/memoire\/cap-sur-le-tripostal-84\/","title":{"rendered":"Cap sur le Tripostal"},"content":{"rendered":"<p style=\"text-align: justify;\">Au cours de mon s\u00e9jour dans le Nord, je voudrais vous parler aujourd&rsquo;hui de la d\u00e9couverte d&rsquo;un mus\u00e9e incroyable : le <span style=\"color: #8ab7ba;\">Tripostal<\/span>. Il y avait alors deux expoitions hallucinantes organis\u00e9es dans le cadre de <span style=\"color: #8ab7ba;\">Lille3000<\/span>. C&rsquo;est un programme culturel qui est n\u00e9 \u00e0 la suite de la promotion de la ville en 2004 en tant que capitale europ\u00e9enne de la culture. Il s&rsquo;agit d&rsquo;un regroupement de manifestations artistiques de plusieurs genres\u00a0(th\u00e9\u00e2tre, arts plastiques, cin\u00e9ma, nouvelles technologies) qui invitent \u00e0 faire d\u00e9couvrir et promouvoir la ville au plus grand nombre. On y d\u00e9couvre \u00e9galement des th\u00e8mes plus pr\u00e9cis comme la construction de la ville de demain,\u00a0la spiritualit\u00e9 et plus g\u00e9n\u00e9ralement les questions de soci\u00e9t\u00e9 et de civilisation.<\/p>\n<h3><span style=\"color: #c3dfe2;\">Le Tripostal<\/span><\/h3>\n<p style=\"text-align: justify;\">\u00c0 l&rsquo;ext\u00e9rieur, ce mus\u00e9e ne paye pas de mine et comme je suis petite, je pense rarement \u00e0 regarder en haut. En rentrant, nous avons atterri\u00a0dans un hall blanc du sol au plafond avec sur la gauche une amoncellement de guirlandes faites de bric et de broc suspendues au plafond. Elle \u00e9tait dispos\u00e9e au dessus recouvert de miroirs et travers\u00e9e par un rayon de soleil : \u00a0l&rsquo;effet th\u00e9\u00e2tral \u00e9tait parfait!<\/p>\n<figure id=\"attachment_75\" aria-describedby=\"caption-attachment-75\" style=\"width: 2448px\" class=\"wp-caption alignnone\"><a href=\"http:\/\/thecomptoir.com\/fr\/wp-content\/uploads\/2015\/10\/IMG_1497.jpg\"><img loading=\"lazy\" decoding=\"async\" class=\"size-full wp-image-75\" src=\"http:\/\/thecomptoir.com\/fr\/wp-content\/uploads\/2015\/10\/IMG_1497.jpg\" alt=\"Mus\u00e9e du TriPostal \" width=\"2448\" height=\"1374\" srcset=\"https:\/\/thecomptoir.com\/fr\/wp-content\/uploads\/2015\/10\/IMG_1497.jpg 2448w, https:\/\/thecomptoir.com\/fr\/wp-content\/uploads\/2015\/10\/IMG_1497-420x236.jpg 420w, https:\/\/thecomptoir.com\/fr\/wp-content\/uploads\/2015\/10\/IMG_1497-800x449.jpg 800w, https:\/\/thecomptoir.com\/fr\/wp-content\/uploads\/2015\/10\/IMG_1497-300x168.jpg 300w, https:\/\/thecomptoir.com\/fr\/wp-content\/uploads\/2015\/10\/IMG_1497-1024x575.jpg 1024w, https:\/\/thecomptoir.com\/fr\/wp-content\/uploads\/2015\/10\/IMG_1497-1000x561.jpg 1000w, https:\/\/thecomptoir.com\/fr\/wp-content\/uploads\/2015\/10\/IMG_1497-400x225.jpg 400w\" sizes=\"auto, (max-width: 2448px) 100vw, 2448px\" \/><\/a><figcaption id=\"caption-attachment-75\" class=\"wp-caption-text\">Mus\u00e9e du TriPostal<\/figcaption><\/figure>\n<p style=\"text-align: justify;\">Nous avons commenc\u00e9 la visite par le sous-sol. Je ne vais pas vous d\u00e9crire toute l&rsquo;expo, il faut garder le plaisir de la d\u00e9couverte mais je vais quand m\u00eame vous d\u00e9voiler quelques petites choses.<\/p>\n<h3 style=\"text-align: justify;\"><span style=\"color: #c3dfe2;\">Tu dois changer ta vie!<\/span><\/h3>\n<p style=\"text-align: justify;\">Cette partie de l&rsquo;<span style=\"color: #8ab7ba;\"><a style=\"color: #8ab7ba;\" href=\"http:\/\/renaissance-lille.com\/event\/tu-dois-changer-ta-vie\" target=\"_blank\">exposition<\/a><\/span> se d\u00e9roule sur deux niveaux, le 2\u00e8me \u00e9tage et le sous-sol. Arriv\u00e9s dans cette cave sombre, on se croirait soit dans un film d&rsquo;horreur, soit \u00e0 la recherche d&rsquo;un tr\u00e9sor enfoui. Le couloir est de plus en plus sombre et au bout, on tombe face \u00e0 un \u00e9cran s\u00e9par\u00e9 du public par un miroir d&rsquo;eau d&rsquo;au moins six m\u00e8tres de long.<\/p>\n<figure id=\"attachment_118\" aria-describedby=\"caption-attachment-118\" style=\"width: 2448px\" class=\"wp-caption alignnone\"><a href=\"http:\/\/thecomptoir.com\/fr\/wp-content\/uploads\/2015\/10\/IMG_1412.jpg\"><img loading=\"lazy\" decoding=\"async\" class=\"size-full wp-image-118\" src=\"http:\/\/thecomptoir.com\/fr\/wp-content\/uploads\/2015\/10\/IMG_1412.jpg\" alt=\"Tu dois changer ta vie!\" width=\"2448\" height=\"1374\" srcset=\"https:\/\/thecomptoir.com\/fr\/wp-content\/uploads\/2015\/10\/IMG_1412.jpg 2448w, https:\/\/thecomptoir.com\/fr\/wp-content\/uploads\/2015\/10\/IMG_1412-420x236.jpg 420w, https:\/\/thecomptoir.com\/fr\/wp-content\/uploads\/2015\/10\/IMG_1412-800x449.jpg 800w, https:\/\/thecomptoir.com\/fr\/wp-content\/uploads\/2015\/10\/IMG_1412-300x168.jpg 300w, https:\/\/thecomptoir.com\/fr\/wp-content\/uploads\/2015\/10\/IMG_1412-1024x575.jpg 1024w, https:\/\/thecomptoir.com\/fr\/wp-content\/uploads\/2015\/10\/IMG_1412-1000x561.jpg 1000w, https:\/\/thecomptoir.com\/fr\/wp-content\/uploads\/2015\/10\/IMG_1412-400x225.jpg 400w\" sizes=\"auto, (max-width: 2448px) 100vw, 2448px\" \/><\/a><figcaption id=\"caption-attachment-118\" class=\"wp-caption-text\">Tu dois changer ta vie!<\/figcaption><\/figure>\n<p>Le son nous englobe et on suit Robert DeNiro qui, en voix off, nous raconte les p\u00e9rip\u00e9ties qu&rsquo;il a d\u00fb traverser (son personnage bien s\u00fbr) pour arriver \u00e0 rejoindre la grosse pomme, le tout film\u00e9 cam\u00e9ra \u00e0 l&rsquo;\u00e9paule et baign\u00e9 dans une lumi\u00e8re de neige \u00e0 couper le souffle (j&rsquo;adore parler de lumi\u00e8re autant que j&rsquo;adore la couture!).<\/p>\n<p>Cette pi\u00e8ce, dont je n&rsquo;arrive pas \u00e0 retrouver le nom de l&rsquo;artiste, donne le ton de l&rsquo;exposition. Si vous \u00eates comme moi (et les 5 personnes qui m&rsquo;accompagn\u00e9es) vous ressortirez de l\u00e0, le corps travers\u00e9 de frissons, le sourire au l\u00e8vre et l&rsquo;oeil brillant.<\/p>\n<p>Vous pourrez notamment profiter du travail de patience et de pr\u00e9cision de Julien Salaud, qui, dans une pi\u00e8ce noire, plonge le spectateur dans une fresque g\u00e9ante de fils blancs tendus et \u00e9clair\u00e9s en lumi\u00e8re noire (pas de photo \u00e0 vous montrer \u00e7a g\u00e2cherait tout!).\u00a0Vous pourrez \u00e9galement vous aventurer dans la pi\u00e8ce d\u00e9di\u00e9e \u00e0 Martin Creed et ses ballons de baudruches verts.<\/p>\n<figure id=\"attachment_117\" aria-describedby=\"caption-attachment-117\" style=\"width: 2448px\" class=\"wp-caption alignnone\"><a href=\"http:\/\/thecomptoir.com\/fr\/wp-content\/uploads\/2015\/10\/IMG_1417.jpg\"><img loading=\"lazy\" decoding=\"async\" class=\"size-full wp-image-117\" src=\"http:\/\/thecomptoir.com\/fr\/wp-content\/uploads\/2015\/10\/IMG_1417.jpg\" alt=\"Tu dois changer ta vie!\" width=\"2448\" height=\"1374\" srcset=\"https:\/\/thecomptoir.com\/fr\/wp-content\/uploads\/2015\/10\/IMG_1417.jpg 2448w, https:\/\/thecomptoir.com\/fr\/wp-content\/uploads\/2015\/10\/IMG_1417-420x236.jpg 420w, https:\/\/thecomptoir.com\/fr\/wp-content\/uploads\/2015\/10\/IMG_1417-800x449.jpg 800w, https:\/\/thecomptoir.com\/fr\/wp-content\/uploads\/2015\/10\/IMG_1417-300x168.jpg 300w, https:\/\/thecomptoir.com\/fr\/wp-content\/uploads\/2015\/10\/IMG_1417-1024x575.jpg 1024w, https:\/\/thecomptoir.com\/fr\/wp-content\/uploads\/2015\/10\/IMG_1417-1000x561.jpg 1000w, https:\/\/thecomptoir.com\/fr\/wp-content\/uploads\/2015\/10\/IMG_1417-400x225.jpg 400w\" sizes=\"auto, (max-width: 2448px) 100vw, 2448px\" \/><\/a><figcaption id=\"caption-attachment-117\" class=\"wp-caption-text\">Tu dois changer ta vie!<\/figcaption><\/figure>\n<h3>S\u00e9oul, vite, vite!<\/h3>\n<p>Alors l\u00e0, on change compl\u00e8tement de registre mais pour ne changer ni d&rsquo;intensit\u00e9 ni de qualit\u00e9. Voici la pr\u00e9sentation de l&rsquo;exposition publi\u00e9e sur le <a href=\"http:\/\/renaissance-lille.com\/event\/seoul-vite-vite\" target=\"_blank\">site<\/a> du mus\u00e9e :<\/p>\n<p style=\"text-align: justify;\"><em>\u00ab\u00a0S\u00e9oul, vite, vite !<\/em> vous immergera dans l\u2019\u00e9nergie, le dynamisme, l\u2019hyper-modernit\u00e9 et la culture populaire de la capitale de la Cor\u00e9e du Sud, dans des mondes d\u2019artistes diff\u00e9rents et surprenants. Le titre de l\u2019exposition est la traduction fran\u00e7aise d\u2019une expression tr\u00e8s fr\u00e9quemment utilis\u00e9e en Cor\u00e9e :\u00a0\u00ab Seoul, bbali, bbali \u00bb, ou en anglais \u00ab Seoul, quick, quick \u00bb. Cette formule est \u00e0 double sens : joyeuse et dynamique au premier abord, elle signifie aussi pour de nombreux cor\u00e9ens une modernisation trop rapide, source de questionnements.\u00a0\u00bb<\/p>\n<figure id=\"attachment_116\" aria-describedby=\"caption-attachment-116\" style=\"width: 2448px\" class=\"wp-caption alignnone\"><a href=\"http:\/\/thecomptoir.com\/fr\/wp-content\/uploads\/2015\/10\/IMG_1450.jpg\"><img loading=\"lazy\" decoding=\"async\" class=\"size-full wp-image-116\" src=\"http:\/\/thecomptoir.com\/fr\/wp-content\/uploads\/2015\/10\/IMG_1450.jpg\" alt=\"S\u00e9oul, Vite, Vite!\" width=\"2448\" height=\"1374\" srcset=\"https:\/\/thecomptoir.com\/fr\/wp-content\/uploads\/2015\/10\/IMG_1450.jpg 2448w, https:\/\/thecomptoir.com\/fr\/wp-content\/uploads\/2015\/10\/IMG_1450-420x236.jpg 420w, https:\/\/thecomptoir.com\/fr\/wp-content\/uploads\/2015\/10\/IMG_1450-800x449.jpg 800w, https:\/\/thecomptoir.com\/fr\/wp-content\/uploads\/2015\/10\/IMG_1450-300x168.jpg 300w, https:\/\/thecomptoir.com\/fr\/wp-content\/uploads\/2015\/10\/IMG_1450-1024x575.jpg 1024w, https:\/\/thecomptoir.com\/fr\/wp-content\/uploads\/2015\/10\/IMG_1450-1000x561.jpg 1000w, https:\/\/thecomptoir.com\/fr\/wp-content\/uploads\/2015\/10\/IMG_1450-400x225.jpg 400w\" sizes=\"auto, (max-width: 2448px) 100vw, 2448px\" \/><\/a><figcaption id=\"caption-attachment-116\" class=\"wp-caption-text\">S\u00e9oul, Vite, Vite!<\/figcaption><\/figure>\n<p style=\"text-align: justify;\">Pour ne pas g\u00e2cher mon plaisir, il y avait une pi\u00e8ce enti\u00e8rement remplie de miroir et de lumi\u00e8re, j&rsquo;en \u00e9t\u00e9 folle! Et dans cette pi\u00e8ce, il y a avait une sorte de petit palais des glaces qui nous conduisait, en son centre, dans un petit \u00e9crin d&rsquo;ampoules et de miroirs! JE N&rsquo;EN POUVAIS PLUS je vous dis! Bon \u00e7a se sont mes petites obsessions personnelles mais je vous laisse libre de d\u00e9couvrir tous les petits tr\u00e9sor que renferme ce mus\u00e9e merveilleux!<\/p>\n<p>Ces deux expositions sont \u00e0 aller voir d&rsquo;urgence au mus\u00e9e du Tripostal, jusqu&rsquo;au 17 Janvier 2016. Courrez-y!<\/p>\n","protected":false},"excerpt":{"rendered":"<p>Au cours de mon s\u00e9jour dans le Nord, je voudrais vous parler aujourd&rsquo;hui de la d\u00e9couverte d&rsquo;un mus\u00e9e incroyable : le Tripostal. Il y avait alors deux expoitions hallucinantes organis\u00e9es [&hellip;]<\/p>\n","protected":false},"author":3,"featured_media":119,"comment_status":"open","ping_status":"open","sticky":false,"template":"","format":"standard","meta":{"jetpack_post_was_ever_published":false,"_jetpack_newsletter_access":"","_jetpack_dont_email_post_to_subs":false,"_jetpack_newsletter_tier_id":0,"_jetpack_memberships_contains_paywalled_content":false,"_jetpack_memberships_contains_paid_content":false,"footnotes":"","jetpack_publicize_message":"","jetpack_publicize_feature_enabled":true,"jetpack_social_post_already_shared":false,"jetpack_social_options":{"image_generator_settings":{"template":"highway","default_image_id":0,"font":"","enabled":false},"version":2}},"categories":[15],"tags":[20,17,19,21],"class_list":["post-84","post","type-post","status-publish","format-standard","has-post-thumbnail","hentry","category-memoire","tag-exposition","tag-lille","tag-lille3000","tag-musee"],"jetpack_publicize_connections":[],"jetpack_featured_media_url":"https:\/\/thecomptoir.com\/fr\/wp-content\/uploads\/2015\/10\/IMG_1440.jpg","jetpack_sharing_enabled":true,"jetpack_shortlink":"https:\/\/wp.me\/p9jR0i-1m","_links":{"self":[{"href":"https:\/\/thecomptoir.com\/fr\/wp-json\/wp\/v2\/posts\/84","targetHints":{"allow":["GET"]}}],"collection":[{"href":"https:\/\/thecomptoir.com\/fr\/wp-json\/wp\/v2\/posts"}],"about":[{"href":"https:\/\/thecomptoir.com\/fr\/wp-json\/wp\/v2\/types\/post"}],"author":[{"embeddable":true,"href":"https:\/\/thecomptoir.com\/fr\/wp-json\/wp\/v2\/users\/3"}],"replies":[{"embeddable":true,"href":"https:\/\/thecomptoir.com\/fr\/wp-json\/wp\/v2\/comments?post=84"}],"version-history":[{"count":0,"href":"https:\/\/thecomptoir.com\/fr\/wp-json\/wp\/v2\/posts\/84\/revisions"}],"wp:featuredmedia":[{"embeddable":true,"href":"https:\/\/thecomptoir.com\/fr\/wp-json\/wp\/v2\/media\/119"}],"wp:attachment":[{"href":"https:\/\/thecomptoir.com\/fr\/wp-json\/wp\/v2\/media?parent=84"}],"wp:term":[{"taxonomy":"category","embeddable":true,"href":"https:\/\/thecomptoir.com\/fr\/wp-json\/wp\/v2\/categories?post=84"},{"taxonomy":"post_tag","embeddable":true,"href":"https:\/\/thecomptoir.com\/fr\/wp-json\/wp\/v2\/tags?post=84"}],"curies":[{"name":"wp","href":"https:\/\/api.w.org\/{rel}","templated":true}]}}