{"id":4794,"date":"2020-08-30T16:50:26","date_gmt":"2020-08-30T15:50:26","guid":{"rendered":"https:\/\/thecomptoir.com\/fr\/?p=4794"},"modified":"2020-08-30T16:50:29","modified_gmt":"2020-08-30T15:50:29","slug":"a-toi-ma-fille-bon-anniversaire","status":"publish","type":"post","link":"https:\/\/thecomptoir.com\/fr\/the-bavoir\/a-toi-ma-fille-bon-anniversaire-4794\/","title":{"rendered":"\u00c0 toi ma fille, bon anniversaire."},"content":{"rendered":"\n<p>Andr\u00e9a va f\u00eater son premier anniversaire demain et je me disais que c&rsquo;\u00e9tait la bonne occasion pour \u00e9crire ici. Quand j&rsquo;attendais L\u00e9on, il y a 4 ans, j&rsquo;avais fait un article sur ma grossesse et un article \u00e0 ses neuf mois. Mais pour Andr\u00e9a, je n&rsquo;avais encore rien \u00e9crit. Tr\u00e8s honn\u00eatement, je sais bien que ce genre d&rsquo;article o\u00f9 on \u00e9tale sa vie comme une bonne cuill\u00e8re de confiture sur une tranche de pain, \u00e7a n&rsquo;int\u00e9resse pas beaucoup de monde mais je m&rsquo;en moque un peu et ce n&rsquo;est pas pour \u00e7a que je l&rsquo;\u00e9cris. Je l&rsquo;\u00e9cris pour moi, comme pour garder un souvenir de ces moments que j&rsquo;ai l&rsquo;impression d&rsquo;avoir grav\u00e9s dans mes souvenirs pour toujours tout en me doutant qu&rsquo;\u00e0 la longue tout risque de s&rsquo;effacer, de s&rsquo;att\u00e9nuer de s&rsquo;estomper. En fait si j&rsquo;\u00e9cris, c&rsquo;est surtout pour elle. Pour qu&rsquo;un jour, si elle le souhaite, elle puisse lire tout \u00e7a.<\/p>\n\n\n\n<p>Evidement, tout \u00e7a ne rel\u00e8ve que de mon exp\u00e9rience personnelle, chaque grossesse, chaque parent, chaque situation sont diff\u00e9rents. Je croyais que c&rsquo;\u00e9tait l&rsquo;arriv\u00e9e d&rsquo;un premier enfant qui chamboulait compl\u00e8tement une vie et peut-\u00eatre que l\u00e0 mes souvenirs se sont estomp\u00e9s mais j&rsquo;ai l&rsquo;impression d&rsquo;avoir \u00e9t\u00e9 bien plus chang\u00e9e par cette seconde arriv\u00e9e que par la premi\u00e8re.<\/p>\n\n\n\n<h4 class=\"wp-block-heading\">La grossesse<\/h4>\n\n\n\n<p>Je suis tomb\u00e9e enceinte tout de suite, du premier coup, quelle chance on a. C&rsquo;\u00e9tait \u00e0 Washington, quelques jours avant qu&rsquo;on ne d\u00e9m\u00e9nage \u00e0 Boston. Je venais de vivre des moments d&rsquo;extase totale dans mon travail et je me sentais \u00e9puis\u00e9e mais plus \u00e9panouie que jamais. Triste aussi \u00e0 l&rsquo;id\u00e9e de quitter Washington et tout ce(ux) qui allai(en)t avec. Et alors qu&rsquo;on se pr\u00e9parait \u00e0 cette nouvelle vie, aux bout de 10 jours, je savais d\u00e9j\u00e0 que j&rsquo;\u00e9tais enceinte et j&rsquo;avais l&rsquo;impression que tout le monde le voyait! FAUX! Le jour o\u00f9 on est arriv\u00e9 dans notre nouveau chez nous, c&rsquo;est l\u00e0 que j&rsquo;ai eu la confirmation que bient\u00f4t un nouveau membre allait rejoindre notre famille. <\/p>\n\n\n\n<figure class=\"wp-block-image\"><img loading=\"lazy\" decoding=\"async\" width=\"640\" height=\"600\" src=\"https:\/\/thecomptoir.com\/fr\/wp-content\/uploads\/2020\/08\/IMG_0853-1.png\" alt=\"\" class=\"wp-image-4810\" srcset=\"https:\/\/thecomptoir.com\/fr\/wp-content\/uploads\/2020\/08\/IMG_0853-1.png 640w, https:\/\/thecomptoir.com\/fr\/wp-content\/uploads\/2020\/08\/IMG_0853-1-420x394.png 420w, https:\/\/thecomptoir.com\/fr\/wp-content\/uploads\/2020\/08\/IMG_0853-1-300x281.png 300w, https:\/\/thecomptoir.com\/fr\/wp-content\/uploads\/2020\/08\/IMG_0853-1-550x516.png 550w, https:\/\/thecomptoir.com\/fr\/wp-content\/uploads\/2020\/08\/IMG_0853-1-600x563.png 600w\" sizes=\"auto, (max-width: 640px) 100vw, 640px\" \/><\/figure>\n\n\n\n<p>La grossesse en soit s&rsquo;est plut\u00f4t bien pass\u00e9e, comme la premi\u00e8re avec tout ce qui peut arriver et dont on se serait bien pass\u00e9: prise de poids, vergeture, impatiences dans les jambes, brulures d&rsquo;estomac et les innombrables insomnies encore et encore. J&rsquo;\u00e9tais tellement pr\u00e9occup\u00e9e par ce d\u00e9fi un peu fou qui s&rsquo;imposer \u00e0 moi de devoir relancer mon business \u00e0 Boston que finalement je n&rsquo;ai pas vraiment \u00e9t\u00e9 concentr\u00e9e sur cette grossesse. L&rsquo;arriv\u00e9e \u00e0 Boston a aussi \u00e9t\u00e9 le moment o\u00f9 L\u00e9on n&rsquo;allait plus passer tout son temps avec moi mais qu&rsquo;il allait aller chez une nounou \u00e0 plein temps ce qui allait m&rsquo;offrir un bonne respiration de 8 mois rien qu&rsquo;\u00e0 moi pour me concentrer \u00e0 fond sur mon activit\u00e9 avant l&rsquo;arriv\u00e9e du b\u00e9b\u00e9. Tout \u00e0 toujours \u00e9t\u00e9 comme sur des roulettes pendant cette grossesse vraiment. Comme pour L\u00e9on, on n&rsquo;avait pas envie de connaitre le sexe du b\u00e9b\u00e9 et on \u00e9tait tr\u00e8s heureux de cette d\u00e9cision. Petit \u00e0 petit, on pr\u00e9parait L\u00e9on \u00e0 l&rsquo;arriv\u00e9e du b\u00e9b\u00e9 sans qu&rsquo;il ne comprenne pas vraiment ce que \u00e7a pouvait signifier.<\/p>\n\n\n\n<p>Plus les mois passaient et plus on se disait que \u00e7a allait \u00eatre un gar\u00e7on et on \u00e9tait assez content de \u00e7a et du coup, on a cherch\u00e9 que des pr\u00e9noms de gar\u00e7ons&#8230; Un mardi matin dans ma 39\u00e8me semaine, j&rsquo;ai eu peur, vraiment tr\u00e8s peur. 12h que le b\u00e9b\u00e9 n&rsquo;avait pas boug\u00e9 et j&rsquo;imaginais d\u00e9j\u00e0 le pire. Rien que de l&rsquo;imaginer, j&rsquo;\u00e9tais d\u00e9j\u00e0 inconsolable. Heureusement, mes RDV avec mon m\u00e9decin \u00e9taient les mardis. Je suis arriv\u00e9e \u00e0 l&rsquo;h\u00f4pital tr\u00e8s en avance pour v\u00e9rifier que tout allait bien. Et apr\u00e8s un monitoring et une \u00e9cho tout allait bien, quel soulagement. Ensuite je me suis rendue \u00e0 mon RDV de suivi o\u00f9 l&rsquo;infirmi\u00e8re a gaff\u00e9 en me disant \u00ab\u00a0So she&rsquo;s going to come soon!\u00a0\u00bb&#8230; She! Non!!!! On ne voulait pas savoir. Pour L\u00e9on \u00e7a avait \u00e9t\u00e9 exactement pareil, le m\u00e9decin avait gaff\u00e9 3 jours avant sa naissance et \u00e7a allait de nouveau se passer exactement de la m\u00eame fa\u00e7on avec le deuxi\u00e8me. Les jours qui ont suivi m&rsquo;ont sembl\u00e9 durer une \u00e9ternit\u00e9: beaucoup, beaucoup de marche, beaucoup d&rsquo;insomnies, des allers-retours \u00e0 l&rsquo;hopital pour des monitorings et cette peur grandissante de devoir accoucher seule puisque la nounou \u00e9tait en vacances et qu&rsquo;on avait personne pour garder L\u00e9on. Le 29 ao\u00fbt est arriv\u00e9, je me disais que 9 jours en avance \u00e7a aurait \u00e9t\u00e9 bien, pile \u00e0 temps pour notre anniversaire de mariage. Et non, pas de b\u00e9b\u00e9.<\/p>\n\n\n\n<h4 class=\"wp-block-heading\">L&rsquo;accouchement<\/h4>\n\n\n\n<p>Et puis le vendredi 30, les contractions ont commenc\u00e9 et elles se sont enchain\u00e9es jusqu&rsquo;\u00e0 ce qu&rsquo;elle soit enfin l\u00e0, le lendemain matin. 28 heures de contractions&#8230; Ces 28h sont tr\u00e8s floues dans ma m\u00e9moire: j&rsquo;ai eu tr\u00e8s tr\u00e8s mal bien plus que pour le premier, le chauffeur Uber qui avait peur que j&rsquo;accouche dans sa voiture, les lumi\u00e8res des grattes-ciel, c&rsquo;\u00e9tait la premi\u00e8re fois que je voyais vraiment Boston de nuit, Marion qui est arriv\u00e9e de France ce jour l\u00e0,  pile au bon moment pour que Quentin puisse \u00eatre avec moi, il y a eu ce traitement \u00e0 la p\u00e9nicilline toute la nuit qui \u00e9tait limite plus douloureux que les contractions, l&rsquo;attente, et une insomnie encore. Et puis \u00e0 9h15 apr\u00e8s 3 pouss\u00e9es sur une seule contraction elle \u00e9tait finalement l\u00e0. Apr\u00e8s avoir (tr\u00e8s bien) v\u00e9cu une c\u00e9sarienne, vivre un accouchement par voie basse, \u00e7a a \u00e9t\u00e9 le moment le plus fort de ma vie. <\/p>\n\n\n\n<figure class=\"wp-block-image\"><img loading=\"lazy\" decoding=\"async\" width=\"1024\" height=\"830\" src=\"https:\/\/thecomptoir.com\/fr\/wp-content\/uploads\/2020\/08\/6cfb8ff6-9186-4c9c-97a1-bdc04af0c691-1-1024x830.jpg\" alt=\"\" class=\"wp-image-4806\" srcset=\"https:\/\/thecomptoir.com\/fr\/wp-content\/uploads\/2020\/08\/6cfb8ff6-9186-4c9c-97a1-bdc04af0c691-1-1024x830.jpg 1024w, https:\/\/thecomptoir.com\/fr\/wp-content\/uploads\/2020\/08\/6cfb8ff6-9186-4c9c-97a1-bdc04af0c691-1-420x340.jpg 420w, https:\/\/thecomptoir.com\/fr\/wp-content\/uploads\/2020\/08\/6cfb8ff6-9186-4c9c-97a1-bdc04af0c691-1-800x649.jpg 800w, https:\/\/thecomptoir.com\/fr\/wp-content\/uploads\/2020\/08\/6cfb8ff6-9186-4c9c-97a1-bdc04af0c691-1-300x243.jpg 300w, https:\/\/thecomptoir.com\/fr\/wp-content\/uploads\/2020\/08\/6cfb8ff6-9186-4c9c-97a1-bdc04af0c691-1-768x623.jpg 768w, https:\/\/thecomptoir.com\/fr\/wp-content\/uploads\/2020\/08\/6cfb8ff6-9186-4c9c-97a1-bdc04af0c691-1-550x446.jpg 550w, https:\/\/thecomptoir.com\/fr\/wp-content\/uploads\/2020\/08\/6cfb8ff6-9186-4c9c-97a1-bdc04af0c691-1-600x486.jpg 600w, https:\/\/thecomptoir.com\/fr\/wp-content\/uploads\/2020\/08\/6cfb8ff6-9186-4c9c-97a1-bdc04af0c691-1.jpg 1220w\" sizes=\"auto, (max-width: 1024px) 100vw, 1024px\" \/><\/figure>\n\n\n\n<p>Il est finalement arriv\u00e9 ce b\u00e9b\u00e9, une fille! Mince, une fille! Mais on n&rsquo;a pas de pr\u00e9nom de fille!!! Il nous aura fallu 24h pour lui trouver un pr\u00e9nom et pour qu&rsquo;\u00e0 la maternit\u00e9 on ne l&rsquo;appelle plus \u00ab\u00a0baby girl\u00a0\u00bb. Et puis tellement bizarre d&rsquo;appeler tout le monde pour dire \u00ab\u00a0\u00e7a y est le b\u00e9b\u00e9 est l\u00e0, c&rsquo;est une fille&#8230; Mais on n&rsquo;a pas de pr\u00e9nom!\u00a0\u00bb. Elle est n\u00e9e le 31 ao\u00fbt, s&rsquo;il y avait un jour que je voulais \u00e9viter c&rsquo;\u00e9tait celui-l\u00e0. 4 ans plus t\u00f4t, mon grand-p\u00e8re Andr\u00e9 \u00e9tait d\u00e9c\u00e9d\u00e9 et le seul pr\u00e9nom de fille qui revenait depuis ma premi\u00e8re grossesse c&rsquo;\u00e9tait Andr\u00e9a. Mais l&rsquo;appeler Andr\u00e9a le jour du d\u00e9c\u00e8s d&rsquo;Andr\u00e9, je trouvais \u00e7a trop lourd pour un mini b\u00e9b\u00e9 qui n&rsquo;avait rien demand\u00e9 \u00e0 personne. Au bout de 24 heures, on s&rsquo;est dit que c&rsquo;\u00e9tait la meilleure fa\u00e7on de boucler la boucle.<\/p>\n\n\n\n<h4 class=\"wp-block-heading\">Une vie \u00e0 4 <\/h4>\n\n\n\n<p>Et l\u00e0 \u00e7a a \u00e9t\u00e9 le d\u00e9but d&rsquo;une aventure qu&rsquo;on avait essay\u00e9 d&rsquo;anticiper mais clairement on \u00e9tait loin de la r\u00e9alit\u00e9. G\u00e9rer les pleurs, l&rsquo;allaitement, les nuits, les rythmes de chacun, les jalousies de ce L\u00e9on qui faisait grand mais qui n&rsquo;\u00e9tait en fait qu&rsquo;un grand b\u00e9b\u00e9. Et ce moment incroyable o\u00f9 ils se sont rencontr\u00e9s. J&rsquo;entends encore sa voix de petit mec attendri \u00ab\u00a0Mon petit coeur, ma petite soeur!\u00a0\u00bb.<\/p>\n\n\n\n<figure class=\"wp-block-image\"><img loading=\"lazy\" decoding=\"async\" width=\"1024\" height=\"768\" src=\"https:\/\/thecomptoir.com\/fr\/wp-content\/uploads\/2020\/08\/IMG_1066-1-1024x768.jpg\" alt=\"\" class=\"wp-image-4808\" srcset=\"https:\/\/thecomptoir.com\/fr\/wp-content\/uploads\/2020\/08\/IMG_1066-1-1024x768.jpg 1024w, https:\/\/thecomptoir.com\/fr\/wp-content\/uploads\/2020\/08\/IMG_1066-1-420x315.jpg 420w, https:\/\/thecomptoir.com\/fr\/wp-content\/uploads\/2020\/08\/IMG_1066-1-800x600.jpg 800w, https:\/\/thecomptoir.com\/fr\/wp-content\/uploads\/2020\/08\/IMG_1066-1-300x225.jpg 300w, https:\/\/thecomptoir.com\/fr\/wp-content\/uploads\/2020\/08\/IMG_1066-1-768x576.jpg 768w, https:\/\/thecomptoir.com\/fr\/wp-content\/uploads\/2020\/08\/IMG_1066-1-550x412.jpg 550w, https:\/\/thecomptoir.com\/fr\/wp-content\/uploads\/2020\/08\/IMG_1066-1-600x450.jpg 600w, https:\/\/thecomptoir.com\/fr\/wp-content\/uploads\/2020\/08\/IMG_1066-1.jpg 1627w\" sizes=\"auto, (max-width: 1024px) 100vw, 1024px\" \/><\/figure>\n\n\n\n<p>Je me suis accord\u00e9e quelques jours pour \u00ab\u00a0souffler\u00a0\u00bb. Puis il a tr\u00e8s vite \u00e9t\u00e9 question de se remettre au boulot. Une semaine off pour Quentin et 10 jours pour moi. La r\u00e9alit\u00e9 de la vie aux USA quand on est auto-entrepreneur. Plus les mois passaient plus je bossais, plus je m&rsquo;occupais de mon b\u00e9b\u00e9, d\u00e9laissant malgr\u00e9 moi le grand, plus je prenais du poids, plus la fatigue s&rsquo;accumulait et plus, \u00e9tonnamment j&rsquo;\u00e9tais heureuse et \u00e9panouie. Andr\u00e9a devait avoir 3 ou 4 mois quand j&rsquo;ai r\u00e9alis\u00e9 \u00e0 quel point j&rsquo;\u00e9tais heureuse et pleine d&rsquo;\u00e9nergie et de confiance dans l&rsquo;avenir. Et j&rsquo;ai du faire un constat assez difficile en r\u00e9alisant qu&rsquo;\u00e0 la suite de ma premi\u00e8re grossesse j&rsquo;avais fait un d\u00e9pression post-partum. \u00c7a a vraiment \u00e9t\u00e9 difficile \u00e0 accepter.<\/p>\n\n\n\n<figure class=\"wp-block-image\"><img loading=\"lazy\" decoding=\"async\" width=\"915\" height=\"866\" src=\"https:\/\/thecomptoir.com\/fr\/wp-content\/uploads\/2020\/08\/allaitement.jpg\" alt=\"\" class=\"wp-image-4805\" srcset=\"https:\/\/thecomptoir.com\/fr\/wp-content\/uploads\/2020\/08\/allaitement.jpg 915w, https:\/\/thecomptoir.com\/fr\/wp-content\/uploads\/2020\/08\/allaitement-420x398.jpg 420w, https:\/\/thecomptoir.com\/fr\/wp-content\/uploads\/2020\/08\/allaitement-800x757.jpg 800w, https:\/\/thecomptoir.com\/fr\/wp-content\/uploads\/2020\/08\/allaitement-300x284.jpg 300w, https:\/\/thecomptoir.com\/fr\/wp-content\/uploads\/2020\/08\/allaitement-768x727.jpg 768w, https:\/\/thecomptoir.com\/fr\/wp-content\/uploads\/2020\/08\/allaitement-550x521.jpg 550w, https:\/\/thecomptoir.com\/fr\/wp-content\/uploads\/2020\/08\/allaitement-600x568.jpg 600w\" sizes=\"auto, (max-width: 915px) 100vw, 915px\" \/><\/figure>\n\n\n\n<p>Les semaines s&rsquo;enchainaient \u00e0 un rythme fou et j&rsquo;\u00e9tais en pilote automatique pour en finir avec cette saison de No\u00ebl qui est toujours la plus charg\u00e9e pour moi. Tout \u00e7a avec ce petit b\u00e9b\u00e9 si souriant mais qui n&rsquo;acceptait de faire des siestes dans l&rsquo;\u00e9charpe de portage en marchant. \u00c0 la fin ce qui me motivait c&rsquo;\u00e9tait la perspective d&rsquo;un break en janvier et f\u00e9vrier et un voyage en France en Mars-Avril. Finalement les choses ne se sont pas du tout pass\u00e9es comme pr\u00e9vu. J&rsquo;ai continu\u00e9 \u00e0 accepter tout ce qu&rsquo;on me propos\u00e9 en d\u00e9but d&rsquo;ann\u00e9e, en me disant qu&rsquo;en France je serai oblig\u00e9e d&rsquo;arr\u00eater de bosser! <\/p>\n\n\n\n<figure class=\"wp-block-image\"><img loading=\"lazy\" decoding=\"async\" width=\"915\" height=\"722\" src=\"https:\/\/thecomptoir.com\/fr\/wp-content\/uploads\/2020\/08\/00100lrPORTRAIT_00100_BURST20200809101554709_COVER.jpg\" alt=\"\" class=\"wp-image-4809\" srcset=\"https:\/\/thecomptoir.com\/fr\/wp-content\/uploads\/2020\/08\/00100lrPORTRAIT_00100_BURST20200809101554709_COVER.jpg 915w, https:\/\/thecomptoir.com\/fr\/wp-content\/uploads\/2020\/08\/00100lrPORTRAIT_00100_BURST20200809101554709_COVER-420x331.jpg 420w, https:\/\/thecomptoir.com\/fr\/wp-content\/uploads\/2020\/08\/00100lrPORTRAIT_00100_BURST20200809101554709_COVER-800x631.jpg 800w, https:\/\/thecomptoir.com\/fr\/wp-content\/uploads\/2020\/08\/00100lrPORTRAIT_00100_BURST20200809101554709_COVER-300x237.jpg 300w, https:\/\/thecomptoir.com\/fr\/wp-content\/uploads\/2020\/08\/00100lrPORTRAIT_00100_BURST20200809101554709_COVER-768x606.jpg 768w, https:\/\/thecomptoir.com\/fr\/wp-content\/uploads\/2020\/08\/00100lrPORTRAIT_00100_BURST20200809101554709_COVER-550x434.jpg 550w, https:\/\/thecomptoir.com\/fr\/wp-content\/uploads\/2020\/08\/00100lrPORTRAIT_00100_BURST20200809101554709_COVER-600x473.jpg 600w\" sizes=\"auto, (max-width: 915px) 100vw, 915px\" \/><\/figure>\n\n\n\n<h4 class=\"wp-block-heading\">Le COVID19<\/h4>\n\n\n\n<p>Et le coronavirus est arriv\u00e9. Je ne vais pas m&rsquo;\u00e9tendre sur \u00e0 quel point \u00e7a a \u00e9t\u00e9 difficile. La pand\u00e9mie, le confinement \u00e7a a \u00e9t\u00e9 une \u00e9preuve pour tout le monde. Renoncer \u00e0 ce voyage pour pr\u00e9senter ce nouveau b\u00e9b\u00e9 si adorable \u00e0 nos proches, de voir les personnes qui avaient pr\u00e9vu de venir nous voir pour ce dernier \u00e9t\u00e9 \u00e0 Boston \u00eatre oblig\u00e9es d&rsquo;annuler leur voyage. Se dire que ce petit b\u00e9b\u00e9 allait souffler sa premi\u00e8re bougie sans avoir rencontrer 90% de sa famille, (heureusement que mes parents et l&rsquo;un de mes fr\u00e8res ont eu le temps de venir avant que le Covid19 ne chamboule tout).<\/p>\n\n\n\n<figure class=\"wp-block-image\"><img loading=\"lazy\" decoding=\"async\" width=\"1024\" height=\"768\" src=\"https:\/\/thecomptoir.com\/fr\/wp-content\/uploads\/2020\/08\/00000IMG_00000_BURST20200803112950977_COVER-1-1024x768.jpg\" alt=\"\" class=\"wp-image-4811\" srcset=\"https:\/\/thecomptoir.com\/fr\/wp-content\/uploads\/2020\/08\/00000IMG_00000_BURST20200803112950977_COVER-1-1024x768.jpg 1024w, https:\/\/thecomptoir.com\/fr\/wp-content\/uploads\/2020\/08\/00000IMG_00000_BURST20200803112950977_COVER-1-420x315.jpg 420w, https:\/\/thecomptoir.com\/fr\/wp-content\/uploads\/2020\/08\/00000IMG_00000_BURST20200803112950977_COVER-1-800x600.jpg 800w, https:\/\/thecomptoir.com\/fr\/wp-content\/uploads\/2020\/08\/00000IMG_00000_BURST20200803112950977_COVER-1-300x225.jpg 300w, https:\/\/thecomptoir.com\/fr\/wp-content\/uploads\/2020\/08\/00000IMG_00000_BURST20200803112950977_COVER-1-768x576.jpg 768w, https:\/\/thecomptoir.com\/fr\/wp-content\/uploads\/2020\/08\/00000IMG_00000_BURST20200803112950977_COVER-1-550x412.jpg 550w, https:\/\/thecomptoir.com\/fr\/wp-content\/uploads\/2020\/08\/00000IMG_00000_BURST20200803112950977_COVER-1-600x450.jpg 600w, https:\/\/thecomptoir.com\/fr\/wp-content\/uploads\/2020\/08\/00000IMG_00000_BURST20200803112950977_COVER-1.jpg 1627w\" sizes=\"auto, (max-width: 1024px) 100vw, 1024px\" \/><\/figure>\n\n\n\n<p>Et m\u00eame si \u00e7a a \u00e9t\u00e9 les 4 mois les plus intenses, \u00e9puisants et difficiles de nos vies \u00e0 tous les quatre. Ce confinement a aussi \u00e9t\u00e9 une vraie chance. Avec son grand fr\u00e8re et son papa on a pu assister \u00e0 chaque victoire, chaque rire, chaque bouch\u00e9e (vive la DME), chaque pouss\u00e9e dentaire (joie!) et \u00e7a, \u00e7a a \u00e9t\u00e9 une vraie chance. Voir la vie de la fratrie commencer, les voir apprendre \u00e0 jouer ensemble, \u00e0 communiquer. Elle aura \u00e9t\u00e9 difficile cette ann\u00e9e, mais finalement, je n&rsquo;aurai pas voulu la vivre autrement.<\/p>\n\n\n\n<h4 class=\"wp-block-heading\">Un mot pour toi, ma fille<\/h4>\n\n\n\n<figure class=\"wp-block-image\"><img loading=\"lazy\" decoding=\"async\" width=\"915\" height=\"684\" src=\"https:\/\/thecomptoir.com\/fr\/wp-content\/uploads\/2020\/08\/IMG_20200504_111804.jpg\" alt=\"\" class=\"wp-image-4807\" srcset=\"https:\/\/thecomptoir.com\/fr\/wp-content\/uploads\/2020\/08\/IMG_20200504_111804.jpg 915w, https:\/\/thecomptoir.com\/fr\/wp-content\/uploads\/2020\/08\/IMG_20200504_111804-420x314.jpg 420w, https:\/\/thecomptoir.com\/fr\/wp-content\/uploads\/2020\/08\/IMG_20200504_111804-800x598.jpg 800w, https:\/\/thecomptoir.com\/fr\/wp-content\/uploads\/2020\/08\/IMG_20200504_111804-300x224.jpg 300w, https:\/\/thecomptoir.com\/fr\/wp-content\/uploads\/2020\/08\/IMG_20200504_111804-768x574.jpg 768w, https:\/\/thecomptoir.com\/fr\/wp-content\/uploads\/2020\/08\/IMG_20200504_111804-550x411.jpg 550w, https:\/\/thecomptoir.com\/fr\/wp-content\/uploads\/2020\/08\/IMG_20200504_111804-600x449.jpg 600w\" sizes=\"auto, (max-width: 915px) 100vw, 915px\" \/><\/figure>\n\n\n\n<p>Je me souviens du premier jour o\u00f9 je t&rsquo;ai dit \u00ab\u00a0je t&rsquo;aime\u00a0\u00bb, tu avais 3 mois (\u00e7a parait si long 3 mois&#8230;), la journ\u00e9e avait \u00e9t\u00e9 particuli\u00e8rement difficile. Tu pleurais beaucoup, ce qui n&rsquo;\u00e9tait pas si courant, j&rsquo;\u00e9tais \u00e9puis\u00e9e, et je pleurais avec toi, de ne rien pouvoir faire pour t&rsquo;apaiser et \u00e0 ce moment l\u00e0, \u00e7a m&rsquo;a cueilli sans que je m&rsquo;y attende. Jusqu&rsquo;\u00e0 aujourd&rsquo;hui, c&rsquo;est le moment que je pr\u00e9f\u00e8re de notre relation. Tout le monde a tellement hate de te rencontrer parce qu&rsquo;ils savent d\u00e9j\u00e0 \u00e0 quel point tu es sp\u00e9ciale. Tu es une petite fille tr\u00e8s dr\u00f4le, tu as du caract\u00e8re et tu ne te laisses pas faire. Tu adores ton grand fr\u00e8re qui te le rend si bien. Tu es tr\u00e8s maline et tr\u00e8s tr\u00e8s gourmande, \u00e7a, \u00e7a doit venir de moi. Tu ressembles beaucoup \u00e0 ton papa et j&rsquo;adore \u00e7a chez toi. Tu as chang\u00e9 ma vie et je crois que je ne mesure pas encore \u00e0 quel point. Joyeux anniversaire ma poupette.<\/p>\n","protected":false},"excerpt":{"rendered":"<p>Andr\u00e9a va f\u00eater son premier anniversaire demain et je me disais que c&rsquo;\u00e9tait la bonne occasion pour \u00e9crire ici. Quand j&rsquo;attendais L\u00e9on, il y a 4 ans, j&rsquo;avais fait un [&hellip;]<\/p>\n","protected":false},"author":3,"featured_media":4804,"comment_status":"open","ping_status":"open","sticky":false,"template":"","format":"standard","meta":{"jetpack_post_was_ever_published":false,"_jetpack_newsletter_access":"","_jetpack_dont_email_post_to_subs":false,"_jetpack_newsletter_tier_id":0,"_jetpack_memberships_contains_paywalled_content":false,"_jetpack_memberships_contains_paid_content":false,"footnotes":"","jetpack_publicize_message":"","jetpack_publicize_feature_enabled":true,"jetpack_social_post_already_shared":true,"jetpack_social_options":{"image_generator_settings":{"template":"highway","default_image_id":0,"font":"","enabled":false},"version":2}},"categories":[224],"tags":[],"class_list":["post-4794","post","type-post","status-publish","format-standard","has-post-thumbnail","hentry","category-the-bavoir"],"jetpack_publicize_connections":[],"jetpack_featured_media_url":"https:\/\/thecomptoir.com\/fr\/wp-content\/uploads\/2020\/08\/IMG_20200820_133352_664.jpg","jetpack_sharing_enabled":true,"jetpack_shortlink":"https:\/\/wp.me\/p9jR0i-1fk","_links":{"self":[{"href":"https:\/\/thecomptoir.com\/fr\/wp-json\/wp\/v2\/posts\/4794","targetHints":{"allow":["GET"]}}],"collection":[{"href":"https:\/\/thecomptoir.com\/fr\/wp-json\/wp\/v2\/posts"}],"about":[{"href":"https:\/\/thecomptoir.com\/fr\/wp-json\/wp\/v2\/types\/post"}],"author":[{"embeddable":true,"href":"https:\/\/thecomptoir.com\/fr\/wp-json\/wp\/v2\/users\/3"}],"replies":[{"embeddable":true,"href":"https:\/\/thecomptoir.com\/fr\/wp-json\/wp\/v2\/comments?post=4794"}],"version-history":[{"count":0,"href":"https:\/\/thecomptoir.com\/fr\/wp-json\/wp\/v2\/posts\/4794\/revisions"}],"wp:featuredmedia":[{"embeddable":true,"href":"https:\/\/thecomptoir.com\/fr\/wp-json\/wp\/v2\/media\/4804"}],"wp:attachment":[{"href":"https:\/\/thecomptoir.com\/fr\/wp-json\/wp\/v2\/media?parent=4794"}],"wp:term":[{"taxonomy":"category","embeddable":true,"href":"https:\/\/thecomptoir.com\/fr\/wp-json\/wp\/v2\/categories?post=4794"},{"taxonomy":"post_tag","embeddable":true,"href":"https:\/\/thecomptoir.com\/fr\/wp-json\/wp\/v2\/tags?post=4794"}],"curies":[{"name":"wp","href":"https:\/\/api.w.org\/{rel}","templated":true}]}}