{"id":2766,"date":"2017-08-10T17:25:38","date_gmt":"2017-08-10T16:25:38","guid":{"rendered":"https:\/\/thecomptoir.com\/fr\/?p=2766"},"modified":"2017-08-17T17:04:28","modified_gmt":"2017-08-17T16:04:28","slug":"9-mois-9-mois","status":"publish","type":"post","link":"https:\/\/thecomptoir.com\/fr\/the-bavoir\/9-mois-9-mois-2766\/","title":{"rendered":"9 mois dedans, 9 mois dehors"},"content":{"rendered":"<p>\u00c7a y est, on y est, cette date un peu fatidique qui fait que le b\u00e9b\u00e9 \u00e0 plus v\u00e9cu sans sa m\u00e8re qu&rsquo;avec elle, ou plut\u00f4t plus longtemps en dehors qu&rsquo;en elle. <span style=\"color: #8ab7ba;\">L\u00e9on<\/span> a 9 mois. Neuf mois d\u00e9j\u00e0. Je ne dirai pas forc\u00e9ment \u00ab\u00a0Oh la la ! Que le temps passe vite !\u00a0\u00bb J&rsquo;ai toujours trouv\u00e9 qu&rsquo;il allait vite et que surtout il n&rsquo;attendait pas. Je fais toujours mille trucs en m\u00eame temps, je suis toujours d\u00e9bord\u00e9e et j&rsquo;aime vivre comme \u00e7a. D\u00e9bord\u00e9e de quoi, on ne sait pas trop, mais d\u00e9bord\u00e9e ! Les neuf mois qui viennent de s&rsquo;\u00e9couler ont \u00e9t\u00e9 un peu dingues. \u00c9trangement, j&rsquo;ai l&rsquo;impression que \u00e7a a toujours \u00e9t\u00e9 comme \u00e7a, sauf que maintenant on est trois.<\/p>\n<h4><span style=\"color: #c3dfe2;\">Et c&rsquo;est le temps qui court, court&#8230;<\/span><\/h4>\n<p>Depuis que L\u00e9on est n\u00e9, on m&rsquo;a souvent r\u00e9p\u00e9t\u00e9 \u00a0\u00bb Tu verras, avec un enfant le temps court encore plus vite.\u00a0\u00bb Je ne sais pas si c&rsquo;est vrai, mais c&rsquo;est un bonheur de le voir s&rsquo;\u00e9veiller chaque jour un peu plus au monde qui l&rsquo;entoure. Je ne fais pas partie de cette cat\u00e9gorie de mamans qui pleurent \u00e0 chaque fois qu&rsquo;il faut trier les v\u00eatements de b\u00e9b\u00e9, mettre de c\u00f4t\u00e9 ceux qu&rsquo;il ne peut plus porter. Je red\u00e9couvre des v\u00eatements en me disant \u00ab\u00a0Ah, j&rsquo;aurais aim\u00e9 penser \u00e0 lui mettre plus souvent.\u00a0\u00bb Puis je passe aux cartons suivants pour sortir tous les v\u00eatements de la taille sup\u00e9rieure. Il grandit et il m&rsquo;\u00e9chappe un peu plus et j&rsquo;adore \u00e7a.<\/p>\n<figure id=\"attachment_2781\" aria-describedby=\"caption-attachment-2781\" style=\"width: 3182px\" class=\"wp-caption alignnone\"><a href=\"https:\/\/thecomptoir.com\/fr\/wp-content\/uploads\/2017\/08\/1mois.jpg\"><img loading=\"lazy\" decoding=\"async\" class=\"size-full wp-image-2781\" src=\"https:\/\/thecomptoir.com\/fr\/wp-content\/uploads\/2017\/08\/1mois.jpg\" alt=\"Mini L\u00e9on \u00e0 1 mois\" width=\"3182\" height=\"1871\" \/><\/a><figcaption id=\"caption-attachment-2781\" class=\"wp-caption-text\">Mini L\u00e9on \u00e0 1 mois<\/figcaption><\/figure>\n<p><span style=\"color: #8ab7ba;\">L\u00e9on<\/span> est un peu feignant, il ne rampe pas, il se d\u00e9place d\u00e8s qu&rsquo;on a le dos tourn\u00e9 sans qu&rsquo;on sache trop comment, heureusement son parc est grand. Il n&rsquo;a pas de cheveux (mais comme il est blond, le peu qu&rsquo;il a ne se voit pas). On va devoir lui brosser les dents avant de lui brosser les cheveux c&rsquo;est fou \u00e7a ! Il fait des \u00ab\u00a0da-da-da-da-da\u00a0\u00bb et il touche d\u00e9licatement les choses du bout de l&rsquo;index en chuchotant avant de taper un grand coup avec sa main en criant. Il attrape ses pieds et il roule. Tiens, c&rsquo;est peut-\u00eatre comme \u00e7a qu&rsquo;il se d\u00e9place. Il a une t\u00eate \u00e9norme comme son papa et des cuisses gargantuesques comme \u00e7a maman. C&rsquo;\u00e9tait pas forc\u00e9ment ce qu&rsquo;il y avait de mieux \u00e0 prendre chez nous deux ! Et il rigole comme un nazg\u00fbl !<\/p>\n<h4><span style=\"color: #c3dfe2;\">Travailler avec un b\u00e9b\u00e9<\/span><\/h4>\n<p>On me demande souvent comment j&rsquo;arrive \u00e0 coudre toujours autant avec un b\u00e9b\u00e9 \u00e0 la maison. Je le redis, mais je ne suis pas une m\u00e8re au foyer. C&rsquo;est un vrai travail qui demande beaucoup de passion et de d\u00e9votion, mais ce n&rsquo;est pas le mien. Je ne m&rsquo;occupe pas de mon fils comme une m\u00e8re au foyer pourrait le faire, je m&rsquo;occupe de mon fils comme une maman qui travaille de chez elle avec un b\u00e9b\u00e9 \u00e0 c\u00f4t\u00e9.<\/p>\n<p>D\u00e9j\u00e0, j&rsquo;ai la chance d&rsquo;avoir un b\u00e9b\u00e9 qui dort beaucoup la journ\u00e9e (et la nuit). Avec ses deux voire trois siestes par jour, j&rsquo;ai largement le temps de faire ce que j&rsquo;ai \u00e0 faire. Ensuite, <span style=\"color: #8ab7ba;\">L\u00e9on<\/span> est un petit gar\u00e7on qui comme tous les b\u00e9b\u00e9s demande beaucoup d&rsquo;attention, mais il est aussi tr\u00e8s autonome. De me voir vivre ma vie et faire ce que j&rsquo;ai \u00e0 faire pendant qu&rsquo;il s&rsquo;\u00e9clate dans son parc, \u00e7a lui va. Attention quand m\u00eame, n&rsquo;allez pas croire que je ne m&rsquo;occupe que de moi (d\u00e9j\u00e0 parce que quand on est parent c&rsquo;est quelque chose qui devient rare !), je sais aussi o\u00f9 sont mes priorit\u00e9s. Tous les jours, on partage de vrais moments, on lit, on joue, on fait des massages et de la gym, on se prom\u00e8ne, on \u00ab\u00a0caresse\u00a0\u00bb les chats, on fait des bagarres de guilis et souvent je gagne !<\/p>\n<figure id=\"attachment_2783\" aria-describedby=\"caption-attachment-2783\" style=\"width: 3182px\" class=\"wp-caption alignnone\"><a href=\"https:\/\/thecomptoir.com\/fr\/wp-content\/uploads\/2017\/08\/En-rouge-et-noir.jpg\"><img loading=\"lazy\" decoding=\"async\" class=\"size-full wp-image-2783\" src=\"https:\/\/thecomptoir.com\/fr\/wp-content\/uploads\/2017\/08\/En-rouge-et-noir.jpg\" alt=\"En rouge et noir\" width=\"3182\" height=\"1871\" \/><\/a><figcaption id=\"caption-attachment-2783\" class=\"wp-caption-text\">En rouge et noir<\/figcaption><\/figure>\n<p>On m&rsquo;avait dit, \u00ab\u00a0Tu verras, quand il grandira, tu ne pourras plus coudre autant, et avec le blog et le reste \u00e7a sera impossible \u00e0 tenir.\u00a0\u00bb Tout \u00e7a n&rsquo;est pas vrai, ce n&rsquo;est pas compl\u00e8tement faux, mais ce n&rsquo;est pas pour autant vrai. La vie avec un b\u00e9b\u00e9 est diff\u00e9rente, il faut \u00eatre un poil organis\u00e9 et \u00eatre dot\u00e9 d&rsquo;un sacr\u00e9 pouvoir d&rsquo;adaptation. Mais \u00e0 part \u00e7a, \u00e7a ne change pas grand-chose au quotidien. On sort boire des coups dans les bars, on pr\u00e9voit des week-ends, on part \u00e0 l&rsquo;arrache de chez nous. On peut faire tout \u00e7a. Peut-\u00eatre que quand il marchera \u00e7a sera un peu diff\u00e9rent. Mais pour le moment, \u00e7a n&rsquo;a pas vraiment chang\u00e9 nos vies, \u00e0 part peut-\u00eatre qu&rsquo;on se l\u00e8ve plus t\u00f4t, m\u00eame le week-end ! Je me dis que quand le deuxi\u00e8me b\u00e9b\u00e9 est l\u00e0, c&rsquo;est \u00e0 ce moment que le quotidien change vraiment.<\/p>\n<h4><span style=\"color: #c3dfe2;\">Les nouveaux papas<\/span><\/h4>\n<p>Avant qu&rsquo;il ne soit l\u00e0, je ne m&rsquo;inqui\u00e9tais pas vraiment, je me disais qu&rsquo;il nous apprendrait \u00e0 \u00eatre parents et que nous, on lui apprendrait tout ce qu&rsquo;on pourrait. Et c&rsquo;est ce qu&rsquo;il se passe. On m&rsquo;avait dit \u00ab\u00a0C&rsquo;est chiant 90% du temps un b\u00e9b\u00e9, mais les 10% restants sont tellement fous que tu oublies tout le reste.\u00a0\u00bb Avec <span style=\"color: #8ab7ba;\">L\u00e9on<\/span>, \u00e7a ne se passe pas comme \u00e7a. \u00c9videmment, ce n&rsquo;est pas facile tous les jours, il y a certaines semaines qui ont \u00e9t\u00e9 vraiment difficiles. Mais au quotidien, en g\u00e9n\u00e9ral, il est vraiment d&rsquo;une facilit\u00e9 hallucinante, \u00e0 tel point qu&rsquo;on se dit qu&rsquo;on va forc\u00e9ment prendre cher avec le deuxi\u00e8me ! Je crois qu&rsquo;en plus de son caract\u00e8re (qui est quand m\u00eame bien affirm\u00e9) ce qui facilite la vie, c&rsquo;est qu&rsquo;on est deux.<\/p>\n<figure id=\"attachment_2784\" aria-describedby=\"caption-attachment-2784\" style=\"width: 3182px\" class=\"wp-caption alignnone\"><a href=\"https:\/\/thecomptoir.com\/fr\/wp-content\/uploads\/2017\/08\/p\u00e8re-et-fils.jpg\"><img loading=\"lazy\" decoding=\"async\" class=\"size-full wp-image-2784\" src=\"https:\/\/thecomptoir.com\/fr\/wp-content\/uploads\/2017\/08\/p\u00e8re-et-fils.jpg\" alt=\"p\u00e8re et fils\" width=\"3182\" height=\"1871\" srcset=\"https:\/\/thecomptoir.com\/fr\/wp-content\/uploads\/2017\/08\/p\u00e8re-et-fils.jpg 3182w, https:\/\/thecomptoir.com\/fr\/wp-content\/uploads\/2017\/08\/p\u00e8re-et-fils-300x176.jpg 300w, https:\/\/thecomptoir.com\/fr\/wp-content\/uploads\/2017\/08\/p\u00e8re-et-fils-768x452.jpg 768w, https:\/\/thecomptoir.com\/fr\/wp-content\/uploads\/2017\/08\/p\u00e8re-et-fils-1024x602.jpg 1024w, https:\/\/thecomptoir.com\/fr\/wp-content\/uploads\/2017\/08\/p\u00e8re-et-fils-1000x588.jpg 1000w, https:\/\/thecomptoir.com\/fr\/wp-content\/uploads\/2017\/08\/p\u00e8re-et-fils-400x235.jpg 400w\" sizes=\"auto, (max-width: 3182px) 100vw, 3182px\" \/><\/a><figcaption id=\"caption-attachment-2784\" class=\"wp-caption-text\">p\u00e8re et fils<\/figcaption><\/figure>\n<p>Ce b\u00e9b\u00e9 on l&rsquo;a voulu \u00e0 deux, on l&rsquo;a fait \u00e0 deux, on l&rsquo;aime \u00e0 deux. Mais, aussi, on partage les trucs pas dr\u00f4les et plus sympas en deux. Pas forc\u00e9ment \u00e0 part \u00e9gale, faut pas pousser non plus, mais forc\u00e9ment comme je suis avec lui plus longtemps par jour, j&rsquo;en fais plus, c&rsquo;est assez logique. En tout cas, je n&rsquo;ai vraiment pas \u00e0 me plaindre, tous les trois on forme une \u00e9quipe d&rsquo;enfer !<\/p>\n<p>J&rsquo;ai pas mal entendu parler ces derniers temps des \u00ab\u00a0nouveaux papas\u00a0\u00bb dans les m\u00e9dias. Les nouveaux papas, ce sont ces hommes qui s&rsquo;investissent dans la vie de leurs enfants, qui s&rsquo;occupent de la maison, des courses, du bain, des couches, des lessives. Un truc qui ressemblerait presque \u00e0 de la parit\u00e9. Et tout le monde s&rsquo;exclame ! \u00ab\u00a0C&rsquo;est g\u00e9nial ! Ils sont formidables ces papas !\u00a0\u00bb, mais moi, j&rsquo;ai surtout envie de dire \u00ab\u00a0ENFIN !\u00a0\u00bb. Je ne vais quand m\u00eame pas cracher dessus. Que les papas en fassent plus qu&rsquo;avant c&rsquo;est super, il reste quand m\u00eame un peu de chemin !<\/p>\n<p>Mais je dois aussi vous dire que si j&rsquo;arrive \u00e0 tenir le rythme, c&rsquo;est parce que L\u00e9on est cool et que je suis une b\u00eate d&rsquo;organisation, mais c&rsquo;est surtout parce que <span style=\"color: #8ab7ba;\">L\u00e9on<\/span> a un super papa. Un papa qui a un peu la flemme de temps en temps, comme tout le monde, mais qui est totalement d\u00e9vou\u00e9 \u00e0 son b\u00e9b\u00e9. Il prend le relais d\u00e8s qu&rsquo;il est de retour \u00e0 la maison. Il ne rechigne pas \u00e0 changer les couches, faire le bain, donner le repas, jouer, faire du v\u00e9lo, moucher le nez avec l&rsquo;instrument de torture qui fait pleurer les b\u00e9b\u00e9s. Et en plus il change m\u00eame les liti\u00e8res de chats !<\/p>\n<h4><span style=\"color: #c3dfe2;\">B\u00e9b\u00e9 sur internet<\/span><\/h4>\n<p>Le truc contre lequel je dois me battre c&rsquo;est la gestion de son image. Cette phrase peut para\u00eetre un peu folle. Mais \u00e0 l&rsquo;heure du \u00ab\u00a0tout num\u00e9rique\u00a0\u00bb et des r\u00e9seaux sociaux, la question est \u00e0 poser. Comme on vit loin de nos familles, il pourrait \u00eatre bien pratique de partager sur <span style=\"color: #8ab7ba;\">Facebook<\/span> ou <span style=\"color: #8ab7ba;\">Instagram<\/span> son quotidien, les nouvelles choses qu&rsquo;il fait, ou la t\u00eate rigolote qu&rsquo;il fait quand on l&rsquo;asperge avec le brumisateur. Mais on ne le fait pas. \u00c7a ne tiendrait qu&rsquo;\u00e0 moi, l&rsquo;information ne serait pas si verrouill\u00e9e.<\/p>\n<p>M\u00eame si je n&rsquo;inonderais pas internet avec des centaines de photos tous les jours, j&rsquo;en mettrais quelques une de temps en temps, juste pour donner des nouvelles. Mais <span style=\"color: #8ab7ba;\">Quentin<\/span> a \u00e9t\u00e9 tr\u00e8s clair l\u00e0 dessus, et il a bien raison, pas de photo de <span style=\"color: #8ab7ba;\">L\u00e9on<\/span> sur internet. Alors je gruge un peu. Mais c&rsquo;est difficile de montrer un v\u00eatement de b\u00e9b\u00e9 que j&rsquo;ai cousu sans montrer le b\u00e9b\u00e9 ! Par respect pour sa vie priv\u00e9e, pour son intimit\u00e9 (qui devient une chose bien rare), nous avons fait ce choix. Je ne juge absolument pas les parents qui montrent la frimousse de leurs enfants sur la toile. Au contraire, je serais tellement du genre \u00e0 faire la m\u00eame chose ! Mais en tout cas, nous avons fait ce choix.<\/p>\n<h4><span style=\"color: #c3dfe2;\">Alerte banalit\u00e9s<\/span><\/h4>\n<p>Toutes les mamans doivent dire \u00e7a, il est tellement beau mon b\u00e9b\u00e9 ! Des fois, je le regarde dormir et je le trouve tellement pur et parfait que \u00e7a me submerge d&rsquo;amour et que je pourrais en pleurer. Devenir parent est une aventure folle. Tous les jours, je l&rsquo;aime un peu plus. Je ne pensais pas que c&rsquo;\u00e9tait possible de ressentir \u00e7a. Il est mon soleil. Il est l&rsquo;amour de ma vie. Je ne me souviens m\u00eame plus de comment \u00e9tait notre vie avant qu&rsquo;il ne soit l\u00e0. Il nous a rendus encore plus amoureux. Il a fait de nous une famille.<\/p>\n<figure id=\"attachment_2780\" aria-describedby=\"caption-attachment-2780\" style=\"width: 3182px\" class=\"wp-caption alignnone\"><a href=\"https:\/\/thecomptoir.com\/fr\/wp-content\/uploads\/2017\/08\/9moisbis.jpg\"><img loading=\"lazy\" decoding=\"async\" class=\"size-full wp-image-2780\" src=\"https:\/\/thecomptoir.com\/fr\/wp-content\/uploads\/2017\/08\/9moisbis.jpg\" alt=\"Mon grand b\u00e9b\u00e9 a 9 mois\" width=\"3182\" height=\"1871\" \/><\/a><figcaption id=\"caption-attachment-2780\" class=\"wp-caption-text\">Mon grand b\u00e9b\u00e9 a 9 mois<\/figcaption><\/figure>\n<p>J&rsquo;ai tellement h\u00e2te de le voir grandir pour voir l&rsquo;homme qu&rsquo;il va devenir. J&rsquo;ai h\u00e2te qu&rsquo;il parle, qu&rsquo;il court, qu&rsquo;il se casse la figure et qu&rsquo;il fasse des b\u00eatises. Qu&rsquo;il me pique des sous dans mon porte-monnaie pour aller s&rsquo;acheter des bi\u00e8res en douce. J&rsquo;ai h\u00e2te qu&rsquo;il soit amoureux, qu&rsquo;il trouve des passions, qu&rsquo;il ne soit pas d&rsquo;accord avec moi. Je vous avais pr\u00e9venu, ce ne sont que des banalit\u00e9s, mais j&rsquo;ai une chance incroyable de pouvoir les dire.<\/p>\n<hr \/>\n<h4><span style=\"color: #c3dfe2;\">\u00c0 lire aussi &#8230;<\/span><\/h4>\n<ul>\n<li><a href=\"https:\/\/thecomptoir.com\/fr\/armoire\/lecatbaby-pour-mon-petit-chat-2144\/\" target=\"_blank\" rel=\"noopener\">LeCatBaby pour mon petit chat !<\/a><\/li>\n<li><a href=\"https:\/\/thecomptoir.com\/fr\/armoire\/une-nouvelle-salopette-paloma-pour-une-nouvelle-vie-1454\/\" target=\"_blank\" rel=\"noopener\">Une nouvelle salopette Paloma pour une nouvelle vie<\/a><\/li>\n<li><a href=\"https:\/\/thecomptoir.com\/fr\/echappatoire\/the-guide-de-lexpat\/et-si-on-parlait-de-laccouchement-aux-usa-2048\/\" target=\"_blank\" rel=\"noopener\">Et si on parlait de l\u2019accouchement aux USA<\/a><\/li>\n<li><a href=\"https:\/\/thecomptoir.com\/fr\/the-bavoir\/retour-dexperience-sur-ces-huit-mois-de-grossesse-1858\/\" target=\"_blank\" rel=\"noopener\">Retour d\u2019exp\u00e9rience sur ces huit mois de grossesse<\/a><\/li>\n<\/ul>\n","protected":false},"excerpt":{"rendered":"<p>\u00c7a y est, on y est, cette date un peu fatidique qui fait que le b\u00e9b\u00e9 \u00e0 plus v\u00e9cu sans sa m\u00e8re qu&rsquo;avec elle, ou plut\u00f4t plus longtemps en dehors [&hellip;]<\/p>\n","protected":false},"author":3,"featured_media":2782,"comment_status":"open","ping_status":"open","sticky":false,"template":"","format":"standard","meta":{"jetpack_post_was_ever_published":false,"_jetpack_newsletter_access":"","_jetpack_dont_email_post_to_subs":false,"_jetpack_newsletter_tier_id":0,"_jetpack_memberships_contains_paywalled_content":false,"_jetpack_memberships_contains_paid_content":false,"footnotes":"","jetpack_publicize_message":"","jetpack_publicize_feature_enabled":true,"jetpack_social_post_already_shared":false,"jetpack_social_options":{"image_generator_settings":{"template":"highway","default_image_id":0,"font":"","enabled":false},"version":2}},"categories":[224],"tags":[410,222,412],"class_list":["post-2766","post","type-post","status-publish","format-standard","has-post-thumbnail","hentry","category-the-bavoir","tag-9-mois","tag-bebe","tag-maman"],"jetpack_publicize_connections":[],"jetpack_featured_media_url":"https:\/\/thecomptoir.com\/fr\/wp-content\/uploads\/2017\/08\/9mois-scaled.jpg","jetpack_sharing_enabled":true,"jetpack_shortlink":"https:\/\/wp.me\/p9jR0i-IC","_links":{"self":[{"href":"https:\/\/thecomptoir.com\/fr\/wp-json\/wp\/v2\/posts\/2766","targetHints":{"allow":["GET"]}}],"collection":[{"href":"https:\/\/thecomptoir.com\/fr\/wp-json\/wp\/v2\/posts"}],"about":[{"href":"https:\/\/thecomptoir.com\/fr\/wp-json\/wp\/v2\/types\/post"}],"author":[{"embeddable":true,"href":"https:\/\/thecomptoir.com\/fr\/wp-json\/wp\/v2\/users\/3"}],"replies":[{"embeddable":true,"href":"https:\/\/thecomptoir.com\/fr\/wp-json\/wp\/v2\/comments?post=2766"}],"version-history":[{"count":0,"href":"https:\/\/thecomptoir.com\/fr\/wp-json\/wp\/v2\/posts\/2766\/revisions"}],"wp:featuredmedia":[{"embeddable":true,"href":"https:\/\/thecomptoir.com\/fr\/wp-json\/wp\/v2\/media\/2782"}],"wp:attachment":[{"href":"https:\/\/thecomptoir.com\/fr\/wp-json\/wp\/v2\/media?parent=2766"}],"wp:term":[{"taxonomy":"category","embeddable":true,"href":"https:\/\/thecomptoir.com\/fr\/wp-json\/wp\/v2\/categories?post=2766"},{"taxonomy":"post_tag","embeddable":true,"href":"https:\/\/thecomptoir.com\/fr\/wp-json\/wp\/v2\/tags?post=2766"}],"curies":[{"name":"wp","href":"https:\/\/api.w.org\/{rel}","templated":true}]}}