{"id":1485,"date":"2016-08-03T17:57:20","date_gmt":"2016-08-03T16:57:20","guid":{"rendered":"http:\/\/thecomptoir.com\/fr\/?p=1485"},"modified":"2016-08-03T17:57:20","modified_gmt":"2016-08-03T16:57:20","slug":"etre-francais-aux-usa","status":"publish","type":"post","link":"https:\/\/thecomptoir.com\/fr\/echappatoire\/the-guide-de-lexpat\/etre-francais-aux-usa-1485\/","title":{"rendered":"Etre fran\u00e7ais aux USA"},"content":{"rendered":"<p style=\"text-align: justify;\">Le mois de juillet vient de se terminer et comment dire ? Il a \u00e9t\u00e9 compliqu\u00e9 ce premier mois d&rsquo;\u00e9t\u00e9. Retour sur mes impressions apr\u00e8s deux mois de printemps en <span style=\"color: #8ab7ba;\">France<\/span>, dans mon nouveau pays : les <span style=\"color: #8ab7ba;\">USA<\/span>.<\/p>\n<p style=\"text-align: justify;\">Depuis quelques ann\u00e9es, en fait surtout depuis que je voyage, je ne me sens pas vraiment fran\u00e7aise, mais plut\u00f4t europ\u00e9enne \u00e0 la limite,\u00a0<span style=\"color: #8ab7ba;\">Europe<\/span>\u00a0g\u00e9ographique bien s\u00fbr. Je ne renie absolument pas le fait que je sois fran\u00e7aise, j&rsquo;ai bien conscience de la chance que j&rsquo;ai de venir de ce pays, d&rsquo;avoir ce passeport et tout ce qui va avec, je ne fais pas du tout mon ingrate, promis. D&rsquo;ailleurs, apr\u00e8s avoir pass\u00e9 plusieurs mois dans le nouveau monde, je suis s\u00fbre qu&rsquo;un jour (dans les ann\u00e9es proches qui viennent) je retournerai m&rsquo;installer dans l&rsquo;hexagone. Je n&rsquo;ai par contre pas un coeur tr\u00e8s patriote, surtout en comparaison avec les am\u00e9ricains, qui vivent pour l&rsquo;amour du \u00ab\u00a0<em>stars and stripes<\/em>\u00ab\u00a0. Je me suis cependant rendue compte depuis quelques semaines qu&rsquo;un ph\u00e9nom\u00e8ne \u00e9trange s&#8217;emparait de moi.<\/p>\n<p style=\"text-align: justify;\">\u00c0\u00a0chaque fois que l&rsquo;on rencontre un non francophone, que ce soit dans un cadre professionnel, au supermarch\u00e9 ou ailleurs, les gens ont toujours envie de te dire LE mot fran\u00e7ais qu&rsquo;ils connaissent. Ce sont toujours des mots basiques et polis, m\u00eame si de temps en temps, une insulte s&rsquo;immisce l\u00e0 dedans, elle est toujours dite avec un grand sourire ! L&rsquo;autre penchant par contre, c&rsquo;est que tout le monde sait que tu es fran\u00e7ais (ou du moins francophone) avant m\u00eame que tu ne l&rsquo;aies dit. Et pour \u00e7a, on peut se lever et applaudir bien fort cette chose merveilleuse et aussi discr\u00e8te qu&rsquo;un 4&#215;4 sur une route de campagne, j&rsquo;ai nomm\u00e9 le charmant accent fran\u00e7ais bien s\u00fbr ! Alors oui, tout le monde trouve \u00e7a chic et mignon, mais bon, moi, \u00e7a m&rsquo;agace un peu (en m\u00eame temps j&rsquo;ai qu&rsquo;\u00e0 prendre des cours de prononciations) ! Je suis toujours un peu \u00e9tonn\u00e9e par les moeurs des am\u00e9ricains qui ne sont pas forc\u00e9ment raccord avec celles des fran\u00e7ais. En\u00a0<span style=\"color: #8ab7ba;\">France<\/span>, par exemple, je ne me g\u00eanerai jamais pour faire remarquer \u00e0 quelqu&rsquo;un que j&rsquo;aime sa nouvelle\u00a0coupe de cheveux, ou ses chaussures. Ici, c&rsquo;est impensable, \u00e7a serait vraiment impoli de faire ce genre de remarques. Par contre, pour te faire remarquer que tu as un bon gros accent, genre t&rsquo;es pas au courant, l\u00e0, il y a du monde ! Mais l\u00e0, \u00e7a ne parait pas du tout impoli. Je pr\u00e9f\u00e8rerais qu&rsquo;on me face des remarques sur mon physique que sur mon accent, j&rsquo;ai toujours l&rsquo;impression qu&rsquo;il y a marqu\u00e9 \u00ab\u00a0immigr\u00e9e\u00a0\u00bb sur mon front. L&rsquo;autre jour, avec Quentin nous marchions dans un parking en discutant, une jeune am\u00e9ricaine enl\u00e8ve ses \u00e9couteurs, se retourne vers nous et nous demande avec un air impassible \u00ab\u00a0<em>Do you speak in french?<\/em>\u00a0\u00bb on a acquiesc\u00e9, elle a remis ses \u00e9couteurs puis est partie&#8230; Bizarre !<\/p>\n<p style=\"text-align: justify;\">Ce sentiment \u00e9trange donc, c&rsquo;est un peu comme une petite lueur bleu\/blanc\/rouge (j&rsquo;avais mis flamme \u00e0 la place de lueur et \u00e7a faisait vraiment trop FN, CE QUI N&rsquo;EST ABSOLUMENT PAS MON PROPOS!) qui vacille et chancelle quelque part dans ma t\u00eate. Quand j&rsquo;\u00e9tais partie vivre en\u00a0<span style=\"color: #8ab7ba;\">Inde<\/span>, \u00e7a ne me l&rsquo;avait pas du tout fait, mais alors vraiment pas. Prise dans un mini trip hippy propre \u00e0 l&rsquo;<span style=\"color: #8ab7ba;\">Inde<\/span>, je me sentais citoyenne du monde totalement en phase, m\u00eame si tout n&rsquo;\u00e9tait pas rose dans mon quotidien et dans celui de ceux qui m&rsquo;entouraient. J&rsquo;ai tout de m\u00eame conserv\u00e9\u00a0un peu ce sentiment, en plus de mon c\u00f4t\u00e9 europ\u00e9en et fran\u00e7ais.<\/p>\n<p style=\"text-align: justify;\">Ce sentiment \u00ab\u00a0patriote\u00a0\u00bb, \u00e0 d\u00e9faut de trouver meilleur qualificatif, a commenc\u00e9 \u00e0 pointer le bout de son nez le 4 juillet et continue de se faire son nid au chaud dans mon cerveau.<\/p>\n<h2 style=\"text-align: justify;\"><span style=\"color: #b3cfe2;\">Le 4 juillet<\/span><\/h2>\n<p style=\"text-align: justify;\">J&rsquo;\u00e9tais \u00e0 peine\u00a0revenue de mon s\u00e9jour en <span style=\"color: #8ab7ba;\">France<\/span> quand la f\u00eate nationale a commenc\u00e9 \u00e0 s&rsquo;afficher sur toutes les maisons et les b\u00e2timents publics. Ils ne rigolent vraiment pas avec la d\u00e9co ici, c&rsquo;est une folie ! Le 4 juillet, tu te dis que c&rsquo;est le BIG EVENT de l&rsquo;ann\u00e9e, le truc \u00e0 ne surtout pas louper, que c&rsquo;est \u00e0 ce moment que tu vas rencontrer l&rsquo;<span style=\"color: #8ab7ba;\">Am\u00e9rique<\/span> et que la\u00a0<em>patriotic<\/em>\u00a0ferveur va t&rsquo;habiter. Et bien \u00e7a n&rsquo;a pas vraiment \u00e9t\u00e9 le cas. D&rsquo;abord, et \u00e7a doit surtout \u00eatre \u00e0 cause de \u00e7a, le 4 juillet 2016 est le seul jour de ce mois o\u00f9 il a plu, mais plu tellement qu&rsquo;\u00e9norm\u00e9ment de feux d&rsquo;artifices ont \u00e9t\u00e9 repouss\u00e9s au lendemain. Quand tu te les p\u00e8les et que tu es tremp\u00e9 jusqu&rsquo;aux os, tu n&rsquo;as pas vraiment le coeur \u00e0 faire la teuf ou un barbecue. Non mais franchement, on n&rsquo;a m\u00eame pas pu faire un barbecue pour le 4 juillet, c&rsquo;est comme ne pas pouvoir faire de dinde \u00e0 Thanksgiving (oui oui je suis bien v\u00e9g\u00e9tarienne) !<\/p>\n<p style=\"text-align: justify;\">Du coup, un peu d\u00e9prim\u00e9s par cette non-exp\u00e9rience, nous avons regard\u00e9 les festivit\u00e9s de l&rsquo;<em>Independance Day<\/em>\u00a0de <span style=\"color: #8ab7ba;\">Washington DC<\/span> \u00e0 la t\u00e9l\u00e9vision. Il y avait plein de gens super maquill\u00e9s et botox\u00e9s, inconnus pour nous, mais acclam\u00e9s par une foule de ponchos de pluie multicolores en d\u00e9lire devant le\u00a0<span style=\"color: #8ab7ba;\">Capitol<\/span>. L&rsquo;\u00e9mission s&rsquo;est termin\u00e9e par le traditionnel feu d&rsquo;artifice tir\u00e9 \u00e0 l&rsquo;autre bout du\u00a0<a href=\"http:\/\/thecomptoir.com\/fr\/echappatoire\/visiter-washington-dc-episode-1-1171\/\" data-saferedirecturl=\"https:\/\/www.google.com\/url?hl=fr&amp;q=http:\/\/thecomptoir.com\/fr\/echappatoire\/visiter-washington-dc-episode-1-1171\/&amp;source=gmail&amp;ust=1470323138603000&amp;usg=AFQjCNG3bwv6nRiIIbbv_FfyAdCxegOWVQ\"><span style=\"color: #8ab7ba;\">Mall<\/span>\u00a0<\/a>au dessus du\u00a0<span style=\"color: #8ab7ba;\">Lincoln Memorial<\/span>. Mais il s&rsquo;est pass\u00e9 quelque chose d&rsquo;un peu bizarre. Suivant les plans, le ciel n&rsquo;\u00e9tait plus le m\u00eame sur certains il \u00e9tait beau et d\u00e9gag\u00e9, permettant d&rsquo;admirer la beaut\u00e9 du spectacle pyrotechnique, sur d&rsquo;autre, il \u00e9tait recouvert d&rsquo;une grosse couche de nuages au-dessus desquels \u00e9clataient les boules de feu. Ces gros malins de la t\u00e9l\u00e9 ont pens\u00e9 qu&rsquo;on \u00e9tait trop b\u00eate pour remarquer qu&rsquo;ils avaient entrem\u00eal\u00e9 des images de ce 4 juillet 2016 avec celles de l&rsquo;an dernier pour que \u00e7a paraisse plus t\u00e9l\u00e9g\u00e9nique ! En voyant \u00e7a, on n&rsquo;a pas trop regrett\u00e9 de ne pas \u00eatre all\u00e9s assister au spectacle.<\/p>\n<figure id=\"attachment_1568\" aria-describedby=\"caption-attachment-1568\" style=\"width: 3024px\" class=\"wp-caption alignnone\"><a href=\"http:\/\/thecomptoir.com\/fr\/wp-content\/uploads\/2016\/08\/IMG_0455.jpg\" rel=\"attachment wp-att-1568\"><img loading=\"lazy\" decoding=\"async\" class=\"size-full wp-image-1568\" src=\"http:\/\/thecomptoir.com\/fr\/wp-content\/uploads\/2016\/08\/IMG_0455.jpg\" alt=\"Independance day's fireworks\" width=\"3024\" height=\"3024\" \/><\/a><figcaption id=\"caption-attachment-1568\" class=\"wp-caption-text\">Independance day&rsquo;s fireworks<\/figcaption><\/figure>\n<p style=\"text-align: justify;\">Bref, on n&rsquo;a fini par aller regarder le feu d&rsquo;artifice le 5 juillet au dessus du lac de <span style=\"color: #8ab7ba;\">Greenbelt<\/span>, dans notre petite banlieue. Je peux vous dire qu&rsquo;ils ne l\u00e9sinent pas sur les moyens, j&rsquo;ai jamais vu un feu d&rsquo;artifice aussi \u00e9norme, alors que vraiment c&rsquo;est une toute petite ville ! Par contre je n&rsquo;ai pas pu m&#8217;emp\u00eacher de penser, parce qu&rsquo;on est aux <span style=\"color: #8ab7ba;\">USA<\/span> et que dans ce pays j&rsquo;y pense souvent, que si un tar\u00e9 avait une petite envie de venir dans cette foule captiv\u00e9e par les festivit\u00e9s du 4 juillet, et d&rsquo;allumer tout le monde \u00e0 coup d&rsquo;arme \u00e0 feu, personne ne s&rsquo;en rendrait compte. J&rsquo;\u00e9tais loin, bien loin, d&rsquo;imaginer ce qui allait se passer 9 jours plus tard \u00e0 <span style=\"color: #8ab7ba;\">Nice<\/span>.<\/p>\n<h2 style=\"text-align: justify;\"><span style=\"color: #b3cfe2;\">L&rsquo;euro de foot<\/span><\/h2>\n<figure id=\"attachment_1566\" aria-describedby=\"caption-attachment-1566\" style=\"width: 3182px\" class=\"wp-caption alignnone\"><a href=\"http:\/\/thecomptoir.com\/fr\/wp-content\/uploads\/2016\/08\/Finale-de-lEuro-au-Queen-Vic-pub.jpg\" rel=\"attachment wp-att-1566\"><img loading=\"lazy\" decoding=\"async\" class=\"size-full wp-image-1566\" src=\"http:\/\/thecomptoir.com\/fr\/wp-content\/uploads\/2016\/08\/Finale-de-lEuro-au-Queen-Vic-pub.jpg\" alt=\"Finale de l'Euro au Queen Vic pub\" width=\"3182\" height=\"1871\" \/><\/a><figcaption id=\"caption-attachment-1566\" class=\"wp-caption-text\">Finale de l&rsquo;Euro au Queen Vic pub<\/figcaption><\/figure>\n<p style=\"text-align: justify;\">Mon retour de <span style=\"color: #8ab7ba;\">France<\/span> a \u00e9t\u00e9 pas mal accompagn\u00e9 par l&rsquo;<span style=\"color: #8ab7ba;\">Euro<\/span> de football. Pour vous situer, je suis autant fan du ballon rond que je suis patriote, donc vraiment je ne me sens pas du tout concern\u00e9e par la question. Mais bizarrement, d&rsquo;\u00eatre loin, j&rsquo;ai eu envie de regarder. Alors c&rsquo;est vrai que j&rsquo;aime bien certaines comp\u00e9titions de sport internationales comme les jeux olympiques par exemple. Je suis tellement contente d&rsquo;\u00eatre du bon c\u00f4t\u00e9 de la plan\u00e8te pour pouvoir en profiter cette ann\u00e9e. Pour les deux derniers matches, on a \u00e9t\u00e9 dans des bars de <span style=\"color: #8ab7ba;\">Washington<\/span> et c&rsquo;\u00e9tait vraiment cool, il ne me manquait plus qu&rsquo;une bonne bi\u00e8re pour pouvoir en profiter mais \u00e7a sera pour la prochaine fois. Il y avait tr\u00e8s peu de fran\u00e7ais mais des supporters tricolores il y en avait pas mal par contre. Et c&rsquo;\u00e9tait assez fou de voir la ferveur qu&rsquo;ils y mettaient alors qu&rsquo;ils n&rsquo;avaient pas vraiment de raisons d&rsquo;\u00eatre concern\u00e9s. Mais \u00e7a m&rsquo;a fait du bien d&rsquo;avoir partag\u00e9 ce moment avec des am\u00e9ricains. C&rsquo;\u00e9tait bien dr\u00f4le !<\/p>\n<h2 style=\"text-align: justify;\"><span style=\"color: #b3cfe2;\"><em>Bastille Day<\/em>\u00a0ou le 14 juillet<\/span><\/h2>\n<p style=\"text-align: justify;\">Apr\u00e8s un 4 juillet mitig\u00e9, j&rsquo;avais h\u00e2te de me retrouver au 14. Bon d&rsquo;abord parce que c&rsquo;\u00e9tait un jour d&rsquo;\u00e9chographie et que la journ\u00e9e ne pouvait \u00eatre que bonne, mais aussi parce que nous allions retrouver nos compatriotes \u00e0 l&rsquo;ambassade de\u00a0<span style=\"color: #8ab7ba;\">France\u00a0<\/span>de\u00a0<span style=\"color: #8ab7ba;\">Washington<\/span>.<\/p>\n<figure id=\"attachment_1567\" aria-describedby=\"caption-attachment-1567\" style=\"width: 3182px\" class=\"wp-caption alignnone\"><a href=\"http:\/\/thecomptoir.com\/fr\/wp-content\/uploads\/2016\/08\/Lambassade-de-France-de-Washington.jpg\" rel=\"attachment wp-att-1567\"><img loading=\"lazy\" decoding=\"async\" class=\"size-full wp-image-1567\" src=\"http:\/\/thecomptoir.com\/fr\/wp-content\/uploads\/2016\/08\/Lambassade-de-France-de-Washington.jpg\" alt=\"L'ambassade de France de Washington\" width=\"3182\" height=\"1871\" \/><\/a><figcaption id=\"caption-attachment-1567\" class=\"wp-caption-text\">L&rsquo;ambassade de France de Washington<\/figcaption><\/figure>\n<p style=\"text-align: justify;\">Dans la file d&rsquo;attente pour pouvoir atteindre l&rsquo;ambassade, en passant le temps sur nos smartphones \u00e0 la recherche d&rsquo;un <span style=\"color: #8ab7ba;\">Pok\u00e9mon<\/span>, on a appris l&rsquo;horreur qui venait de toucher\u00a0<span style=\"color: #8ab7ba;\">Nice<\/span>. Et ensuite tout a \u00e9t\u00e9 compliqu\u00e9, un peu comme \u00ab\u00a0\u00e0 chaque fois\u00a0\u00bb apr\u00e8s un attentat. Les serveurs avaient re\u00e7u pour consigne de ne pas servir de <span style=\"color: #8ab7ba;\">Champagne<\/span> par respect pour les victimes, mais la bi\u00e8re et le vin, \u00e7a, \u00e7a allait. Les personnes pr\u00e9sentes se jetaient sur les buffets de fromages et de pains comme s&rsquo;ils n&rsquo;en avaient pas mang\u00e9 depuis dix ans. Il faisait tellement chaud. Tout le monde \u00e9tait sur son 31, sauf nous. Les gens ne se m\u00e9langeaient pas, n&rsquo;\u00e9taient pas tr\u00e8s aimables. Il a fallu que je m&rsquo;y reprenne \u00e0 six fois pour que quelqu&rsquo;un accepte de me c\u00e9der une chaise, on se serait cru dans le m\u00e9tro parisien. LAISSEZ VOS SIEGES AUX FEMMES ENCEINTES, CROTTE ! C&rsquo;est l\u00e0 que je me suis dit que finalement la\u00a0<span style=\"color: #8ab7ba;\">France<\/span>\u00a0ne me manquait pas vraiment. Mais j&rsquo;ai \u00e9t\u00e9 envahie par un sentiment assez d\u00e9sagr\u00e9able de ne plus trop savoir o\u00f9 \u00e9tait ma place.<\/p>\n<p style=\"text-align: justify;\">Je crois que j&rsquo;esp\u00e9rais passer une bonne soir\u00e9e conviviale et amicale pour penser \u00e0 autre chose qu&rsquo;\u00e0 <span style=\"color: #8ab7ba;\">Nice<\/span>, que quelque chose de positif ressortirait de cette triste soir\u00e9e, mais \u00e7a n&rsquo;a pas vraiment \u00e9t\u00e9 le cas. J&rsquo;ai quand m\u00eame enfin rencontr\u00e9\u00a0<span style=\"color: #8ab7ba;\">Laetitia<\/span>, ce qui a \u00e9t\u00e9 la bonne note de cette soir\u00e9e (<span style=\"color: #8ab7ba;\">Laetitia<\/span>\u00a0et les macarons quand m\u00eame).<\/p>\n<p style=\"text-align: justify;\">Tout cela bien \u00e9videment rel\u00e8ve d&rsquo;une exp\u00e9rience personnelle. M\u00eame si je sais que je ne suis pas la seule \u00e0 avoir ce petit c\u00f4t\u00e9 chauvin,\u00a0<span style=\"color: #8ab7ba;\"><a style=\"color: #8ab7ba;\" href=\"https:\/\/frenchtwistdc.com\/\" data-saferedirecturl=\"https:\/\/www.google.com\/url?hl=fr&amp;q=https:\/\/frenchtwistdc.com\/&amp;source=gmail&amp;ust=1470323138603000&amp;usg=AFQjCNGIgofCOk6P22mmXpD2UXDCu6cRew\">Laetitia<\/a><\/span>\u00a0que je suis sur<span style=\"color: #8ab7ba;\">\u00a0<a style=\"color: #8ab7ba;\" href=\"https:\/\/www.instagram.com\/laetitiabrock\/\" data-saferedirecturl=\"https:\/\/www.google.com\/url?hl=fr&amp;q=https:\/\/www.instagram.com\/laetitiabrock\/&amp;source=gmail&amp;ust=1470323138603000&amp;usg=AFQjCNEu1yGxfHNF3S2bTkDHI_VIqiS5zA\">Instgram<\/a><\/span>\u00a0depuis mon arriv\u00e9e \u00e0 <span style=\"color: #8ab7ba;\">DC<\/span> et qui me sert un peu de guide touristique, a partag\u00e9 un lien qui m&rsquo;a fait sourire sur les\u00a0<a href=\"http:\/\/www.thekitchn.com\/7-things-nearly-every-french-cook-has-in-her-fridge-233081?utm_source=tweet&amp;utm_medium=social&amp;utm_campaign=managed\" data-saferedirecturl=\"https:\/\/www.google.com\/url?hl=fr&amp;q=http:\/\/www.thekitchn.com\/7-things-nearly-every-french-cook-has-in-her-fridge-233081?utm_source%3Dtweet%26utm_medium%3Dsocial%26utm_campaign%3Dmanaged&amp;source=gmail&amp;ust=1470323138603000&amp;usg=AFQjCNHKWj4XxMHDAal7KozThAiVo6L6Zg\">7 choses que tous les fran\u00e7ais aux <span style=\"color: #8ab7ba;\">USA<\/span> ont dans leur frigo<\/a>. Du coup je me suis sentie un peu moins seule dans ma recherche quotidienne d&rsquo;un petit peu de\u00a0<span style=\"color: #8ab7ba;\">France<\/span>\u00a0sans trop en vouloir non plus.\u00a0Chacun a sa vision, son sentiment, et\u00a0le mien\u00a0est tout \u00e0 fait susceptible de se modifier et d&rsquo;\u00e9voluer avec le temps. Je connais pas mal\u00a0de gens, de fran\u00e7ais, qui ne se verraient pas vivre ailleurs qu&rsquo;aux\u00a0<span style=\"color: #8ab7ba;\">USA<\/span>, qui n&rsquo;ont aucune envie de revenir en\u00a0<span style=\"color: #8ab7ba;\">France<\/span>\u00a0pour autre chose que pour des vacances. Et je comprends tr\u00e8s bien ce sentiment. Mais pour le moment en tout cas ce n&rsquo;est pas celui qui m&rsquo;habite. En attendant, je profite d&rsquo;avoir mon cul au milieu de l&rsquo;<span style=\"color: #8ab7ba;\">Atlantique<\/span>, entre deux chaises sans savoir sur laquelle je veux m&rsquo;asseoir. Je ne regrette rien de notre choix de vivre notre aventure am\u00e9ricaine et chaque jour je la savoure, peut-\u00eatre parce que je sais qu&rsquo;elle ne va pas durer \u00e9ternellement.<\/p>\n","protected":false},"excerpt":{"rendered":"<p>Le mois de juillet vient de se terminer et comment dire ? Il a \u00e9t\u00e9 compliqu\u00e9 ce premier mois d&rsquo;\u00e9t\u00e9. Retour sur mes impressions apr\u00e8s deux mois de printemps en [&hellip;]<\/p>\n","protected":false},"author":3,"featured_media":1565,"comment_status":"open","ping_status":"open","sticky":false,"template":"","format":"standard","meta":{"jetpack_post_was_ever_published":false,"_jetpack_newsletter_access":"","_jetpack_dont_email_post_to_subs":false,"_jetpack_newsletter_tier_id":0,"_jetpack_memberships_contains_paywalled_content":false,"_jetpack_memberships_contains_paid_content":false,"footnotes":"","jetpack_publicize_message":"","jetpack_publicize_feature_enabled":true,"jetpack_social_post_already_shared":false,"jetpack_social_options":{"image_generator_settings":{"template":"highway","default_image_id":0,"font":"","enabled":false},"version":2}},"categories":[82],"tags":[243,241,242,101,244,232,231,77],"class_list":["post-1485","post","type-post","status-publish","format-standard","has-post-thumbnail","hentry","category-the-guide-de-lexpat","tag-14-juillet","tag-4st-jully","tag-bastille-day","tag-expat","tag-fete-nationale","tag-francais-aux-usa","tag-sexpatrier","tag-usa"],"jetpack_publicize_connections":[],"jetpack_featured_media_url":"https:\/\/thecomptoir.com\/fr\/wp-content\/uploads\/2016\/08\/e\u0302tre-franc\u0327ais-aux-USA-scaled.jpg","jetpack_sharing_enabled":true,"jetpack_shortlink":"https:\/\/wp.me\/p9jR0i-nX","_links":{"self":[{"href":"https:\/\/thecomptoir.com\/fr\/wp-json\/wp\/v2\/posts\/1485","targetHints":{"allow":["GET"]}}],"collection":[{"href":"https:\/\/thecomptoir.com\/fr\/wp-json\/wp\/v2\/posts"}],"about":[{"href":"https:\/\/thecomptoir.com\/fr\/wp-json\/wp\/v2\/types\/post"}],"author":[{"embeddable":true,"href":"https:\/\/thecomptoir.com\/fr\/wp-json\/wp\/v2\/users\/3"}],"replies":[{"embeddable":true,"href":"https:\/\/thecomptoir.com\/fr\/wp-json\/wp\/v2\/comments?post=1485"}],"version-history":[{"count":0,"href":"https:\/\/thecomptoir.com\/fr\/wp-json\/wp\/v2\/posts\/1485\/revisions"}],"wp:featuredmedia":[{"embeddable":true,"href":"https:\/\/thecomptoir.com\/fr\/wp-json\/wp\/v2\/media\/1565"}],"wp:attachment":[{"href":"https:\/\/thecomptoir.com\/fr\/wp-json\/wp\/v2\/media?parent=1485"}],"wp:term":[{"taxonomy":"category","embeddable":true,"href":"https:\/\/thecomptoir.com\/fr\/wp-json\/wp\/v2\/categories?post=1485"},{"taxonomy":"post_tag","embeddable":true,"href":"https:\/\/thecomptoir.com\/fr\/wp-json\/wp\/v2\/tags?post=1485"}],"curies":[{"name":"wp","href":"https:\/\/api.w.org\/{rel}","templated":true}]}}